{"id":49124,"date":"2025-10-07T20:25:37","date_gmt":"2025-10-07T20:25:37","guid":{"rendered":"https:\/\/mochiloesemochilinhas.com\/?p=49124"},"modified":"2025-10-08T21:42:20","modified_gmt":"2025-10-08T21:42:20","slug":"nossas-10-praias-favoritas-em-portugal","status":"publish","type":"post","link":"https:\/\/mochiloesemochilinhas.com\/en\/nossas-10-praias-favoritas-em-portugal\/","title":{"rendered":"Our 10 favorite beaches in Portugal"},"content":{"rendered":"\n<p>Conhecemos Portugal em 2016, quando viemos visitar pela primeira vez, e nos mudamos de mala e cuia para c\u00e1 em 2019 &#8211; ainda bem! Eta pa\u00eds lindo de morrer, gente! \ud83d\ude42<\/p>\n\n\n\n<p>N\u00f3s j\u00e1 rodamos muitoooo por esse pa\u00eds delicioso &#8211; e queremos ainda conhecer muita mais &#8211; ent\u00e3o nada mais justo do que fazer uma lista das nossas praias favoritas at\u00e9 agora para servir de inspira\u00e7\u00e3o para outras pessoas tamb\u00e9m.<\/p>\n\n\n\n<p>Aqui vai a lista com as fotos e os links das nossas viagens para todos esses lugares:<\/p>\n\n\n\n<h2 class=\"wp-block-heading\">Berlengas<\/h2>\n\n\n\n<p>Se quiser saber mais sobre nossa viagem pra l\u00e1, veja <a href=\"https:\/\/mochiloesemochilinhas.com\/1-dia-em-peniche-e-na-ilha-berlenga\/\">1 dia em Peniche e nas Ilhas Berlengas<\/a><\/p>\n\n\n\n<figure class=\"wp-block-image size-large\"><img fetchpriority=\"high\" decoding=\"async\" width=\"1024\" height=\"768\" src=\"https:\/\/mochiloesemochilinhas.com\/wp-content\/uploads\/2020\/08\/20200801_160800-1024x768.jpg\" alt=\"\" class=\"wp-image-25865\" srcset=\"https:\/\/mochiloesemochilinhas.com\/wp-content\/uploads\/2020\/08\/20200801_160800-1024x768.jpg 1024w, https:\/\/mochiloesemochilinhas.com\/wp-content\/uploads\/2020\/08\/20200801_160800-300x225.jpg 300w, https:\/\/mochiloesemochilinhas.com\/wp-content\/uploads\/2020\/08\/20200801_160800-768x576.jpg 768w, https:\/\/mochiloesemochilinhas.com\/wp-content\/uploads\/2020\/08\/20200801_160800-1536x1152.jpg 1536w, https:\/\/mochiloesemochilinhas.com\/wp-content\/uploads\/2020\/08\/20200801_160800-1568x1176.jpg 1568w, https:\/\/mochiloesemochilinhas.com\/wp-content\/uploads\/2020\/08\/20200801_160800.jpg 2048w\" sizes=\"(max-width: 1024px) 100vw, 1024px\" \/><\/figure>\n\n\n\n<h2 class=\"wp-block-heading\">Praia da Marinha (Algarve)<\/h2>\n\n\n\n<p>Se quiser saber mais sobre nossa viagem pra l\u00e1, veja <a href=\"https:\/\/mochiloesemochilinhas.com\/4-dias-na-regiao-de-algarve\/\">4 dias no Algarve<\/a><\/p>\n\n\n\n<figure class=\"wp-block-image size-large\"><img decoding=\"async\" src=\"https:\/\/mochiloesemochilinhas.com\/wp-content\/uploads\/2016\/09\/DSC05717-1.jpg\" alt=\"\"\/><\/figure>\n\n\n\n<h2 class=\"wp-block-heading\">Ilha de Tavira (Algarve)<\/h2>\n\n\n\n<p>Se quiser saber mais sobre nossa viagem pra l\u00e1, veja <a href=\"https:\/\/mochiloesemochilinhas.com\/4-dias-no-glamping-orla-ilha-de-tavira\/\">4 dias no Ecoglamping Orla Ilha de Tavira<\/a><\/p>\n\n\n\n<figure class=\"wp-block-image size-large\"><img decoding=\"async\" width=\"1024\" height=\"768\" src=\"https:\/\/mochiloesemochilinhas.com\/wp-content\/uploads\/2025\/07\/PXL_20250621_130101439-1024x768.jpg\" alt=\"\" class=\"wp-image-52034\" srcset=\"https:\/\/mochiloesemochilinhas.com\/wp-content\/uploads\/2025\/07\/PXL_20250621_130101439-1024x768.jpg 1024w, https:\/\/mochiloesemochilinhas.com\/wp-content\/uploads\/2025\/07\/PXL_20250621_130101439-300x225.jpg 300w, https:\/\/mochiloesemochilinhas.com\/wp-content\/uploads\/2025\/07\/PXL_20250621_130101439-768x576.jpg 768w, https:\/\/mochiloesemochilinhas.com\/wp-content\/uploads\/2025\/07\/PXL_20250621_130101439-1536x1152.jpg 1536w, https:\/\/mochiloesemochilinhas.com\/wp-content\/uploads\/2025\/07\/PXL_20250621_130101439-16x12.jpg 16w, https:\/\/mochiloesemochilinhas.com\/wp-content\/uploads\/2025\/07\/PXL_20250621_130101439.jpg 2048w\" sizes=\"(max-width: 1024px) 100vw, 1024px\" \/><\/figure>\n\n\n\n<h2 class=\"wp-block-heading\">Troia (e suas piscinas naturais de areia)<\/h2>\n\n\n\n<p>Se quiser saber mais sobre nossa viagem pra l\u00e1, veja <a href=\"https:\/\/mochiloesemochilinhas.com\/um-fim-de-semana-a-dois-em-troia-e-comporta\/\">Um fim de semana a dois em Troia e Comporta<\/a><\/p>\n\n\n\n<figure class=\"wp-block-image size-large\"><img decoding=\"async\" width=\"1024\" height=\"768\" src=\"https:\/\/mochiloesemochilinhas.com\/wp-content\/uploads\/2025\/07\/PXL_20250531_124107635-1024x768.jpg\" alt=\"\" class=\"wp-image-51947\" srcset=\"https:\/\/mochiloesemochilinhas.com\/wp-content\/uploads\/2025\/07\/PXL_20250531_124107635-1024x768.jpg 1024w, https:\/\/mochiloesemochilinhas.com\/wp-content\/uploads\/2025\/07\/PXL_20250531_124107635-300x225.jpg 300w, https:\/\/mochiloesemochilinhas.com\/wp-content\/uploads\/2025\/07\/PXL_20250531_124107635-768x576.jpg 768w, https:\/\/mochiloesemochilinhas.com\/wp-content\/uploads\/2025\/07\/PXL_20250531_124107635-1536x1152.jpg 1536w, https:\/\/mochiloesemochilinhas.com\/wp-content\/uploads\/2025\/07\/PXL_20250531_124107635-16x12.jpg 16w, https:\/\/mochiloesemochilinhas.com\/wp-content\/uploads\/2025\/07\/PXL_20250531_124107635.jpg 2048w\" sizes=\"(max-width: 1024px) 100vw, 1024px\" \/><\/figure>\n\n\n\n<h2 class=\"wp-block-heading\">Ribeira do Cavalo<\/h2>\n\n\n\n<p>Se quiser saber mais sobre nossa viagem pra l\u00e1, veja <a href=\"https:\/\/mochiloesemochilinhas.com\/5-dias-em-caparica-meco-e-sesimbra\/\">5 dias em Caparica, Meco e Sesimbra<\/a><\/p>\n\n\n\n<figure class=\"wp-block-image size-large\"><img loading=\"lazy\" decoding=\"async\" width=\"1024\" height=\"768\" src=\"https:\/\/mochiloesemochilinhas.com\/wp-content\/uploads\/2025\/09\/IMG_7159-1024x768.jpeg\" alt=\"\" class=\"wp-image-52237\" srcset=\"https:\/\/mochiloesemochilinhas.com\/wp-content\/uploads\/2025\/09\/IMG_7159-1024x768.jpeg 1024w, https:\/\/mochiloesemochilinhas.com\/wp-content\/uploads\/2025\/09\/IMG_7159-300x225.jpeg 300w, https:\/\/mochiloesemochilinhas.com\/wp-content\/uploads\/2025\/09\/IMG_7159-768x576.jpeg 768w, https:\/\/mochiloesemochilinhas.com\/wp-content\/uploads\/2025\/09\/IMG_7159-1536x1152.jpeg 1536w, https:\/\/mochiloesemochilinhas.com\/wp-content\/uploads\/2025\/09\/IMG_7159-16x12.jpeg 16w, https:\/\/mochiloesemochilinhas.com\/wp-content\/uploads\/2025\/09\/IMG_7159.jpeg 2048w\" sizes=\"(max-width: 1024px) 100vw, 1024px\" \/><\/figure>\n\n\n\n<h2 class=\"wp-block-heading\">Figueirinha<\/h2>\n\n\n\n<p>Se quiser saber mais sobre nossa viagem pra l\u00e1, veja <a href=\"https:\/\/mochiloesemochilinhas.com\/1-dia-na-praia-de-figueirinha-setubal\/\">1 dia na Praia de Figueirinha, Set\u00fabal<\/a><\/p>\n\n\n\n<figure class=\"wp-block-image size-large\"><img loading=\"lazy\" decoding=\"async\" width=\"1024\" height=\"768\" src=\"https:\/\/mochiloesemochilinhas.com\/wp-content\/uploads\/2020\/07\/20200702_122156-1024x768.jpg\" alt=\"Praia de Figueirinha\" class=\"wp-image-24878\" srcset=\"https:\/\/mochiloesemochilinhas.com\/wp-content\/uploads\/2020\/07\/20200702_122156-1024x768.jpg 1024w, https:\/\/mochiloesemochilinhas.com\/wp-content\/uploads\/2020\/07\/20200702_122156-300x225.jpg 300w, https:\/\/mochiloesemochilinhas.com\/wp-content\/uploads\/2020\/07\/20200702_122156-768x576.jpg 768w, https:\/\/mochiloesemochilinhas.com\/wp-content\/uploads\/2020\/07\/20200702_122156-1536x1152.jpg 1536w, https:\/\/mochiloesemochilinhas.com\/wp-content\/uploads\/2020\/07\/20200702_122156-1568x1176.jpg 1568w, https:\/\/mochiloesemochilinhas.com\/wp-content\/uploads\/2020\/07\/20200702_122156.jpg 2048w\" sizes=\"(max-width: 1024px) 100vw, 1024px\" \/><\/figure>\n\n\n\n<h2 class=\"wp-block-heading\">Praia do Amado<\/h2>\n\n\n\n<p>Se quiser saber mais sobre nossa viagem pra l\u00e1, veja <a href=\"https:\/\/mochiloesemochilinhas.com\/praias-do-amado-e-bordeira\/\">1 dia conhecendo as Praias do Amado e da Bordeira no Algarve<\/a><\/p>\n\n\n\n<figure class=\"wp-block-image size-large\"><img decoding=\"async\" src=\"https:\/\/mochiloesemochilinhas.com\/wp-content\/uploads\/2020\/10\/20200811_115001.jpg\" alt=\"\"\/><\/figure>\n\n\n\n<h2 class=\"wp-block-heading\">Odeceixe (praia com encontro de rio)<\/h2>\n\n\n\n<p>Se quiser saber mais sobre nossa viagem pra l\u00e1, veja <a href=\"https:\/\/mochiloesemochilinhas.com\/3-dias-no-zoomarine-e-em-odeceixe\/\">3 dias no Zoomarine e em Odeceixe<\/a> e <a href=\"https:\/\/mochiloesemochilinhas.com\/4-dias-na-regiao-de-algarve\/\">4 dias no Algarve<\/a>.<\/p>\n\n\n\n<figure class=\"wp-block-image size-large\"><img loading=\"lazy\" decoding=\"async\" width=\"1024\" height=\"768\" src=\"https:\/\/mochiloesemochilinhas.com\/wp-content\/uploads\/2025\/09\/PXL_20250728_114605571.MP_-1024x768.jpg\" alt=\"\" class=\"wp-image-52109\" srcset=\"https:\/\/mochiloesemochilinhas.com\/wp-content\/uploads\/2025\/09\/PXL_20250728_114605571.MP_-1024x768.jpg 1024w, https:\/\/mochiloesemochilinhas.com\/wp-content\/uploads\/2025\/09\/PXL_20250728_114605571.MP_-300x225.jpg 300w, https:\/\/mochiloesemochilinhas.com\/wp-content\/uploads\/2025\/09\/PXL_20250728_114605571.MP_-768x576.jpg 768w, https:\/\/mochiloesemochilinhas.com\/wp-content\/uploads\/2025\/09\/PXL_20250728_114605571.MP_-1536x1152.jpg 1536w, https:\/\/mochiloesemochilinhas.com\/wp-content\/uploads\/2025\/09\/PXL_20250728_114605571.MP_-16x12.jpg 16w, https:\/\/mochiloesemochilinhas.com\/wp-content\/uploads\/2025\/09\/PXL_20250728_114605571.MP_.jpg 2048w\" sizes=\"(max-width: 1024px) 100vw, 1024px\" \/><\/figure>\n\n\n\n<h2 class=\"wp-block-heading\">Praia da Franquia, em Vila Nova de Milfontes<\/h2>\n\n\n\n<p>Se quiser saber mais sobre nossa viagem, veja <a href=\"https:\/\/mochiloesemochilinhas.com\/5-dias-na-costa-alentejana\/\">5 dias na Costa Alentejana<\/a><\/p>\n\n\n\n<figure class=\"wp-block-image size-large\"><img decoding=\"async\" src=\"https:\/\/mochiloesemochilinhas.com\/wp-content\/uploads\/2020\/10\/20200814_112955-1536x1152.jpg.webp\" alt=\"\"\/><\/figure>\n\n\n\n<h2 class=\"wp-block-heading\">Po\u00e7a das Lesmas, na Ilha da Madeira<\/h2>\n\n\n\n<p>Se quiser saber mais sobre nossa viagem, veja <a href=\"https:\/\/mochiloesemochilinhas.com\/6-dias-na-ilha-da-madeira-com-as-criancas\/\">6 dias na Ilha da Madeira com as crian\u00e7as<\/a><\/p>\n\n\n\n<figure class=\"wp-block-image size-large\"><img decoding=\"async\" src=\"https:\/\/mochiloesemochilinhas.com\/wp-content\/uploads\/2022\/05\/20220424_160028.jpg\" alt=\"\"\/><\/figure>\n\n\n\n<p><\/p>\n\n\n\n<h2 class=\"wp-block-heading\">Mapa com todas essas praias maravilhosas<\/h2>\n\n\n\n<p>Aqui est\u00e1 o mapa com a localiza\u00e7\u00e3o de todas elas pra te ajudar:<\/p>\n\n\n\n<iframe src=\"https:\/\/www.google.com\/maps\/d\/u\/0\/embed?mid=1gELzpVUmiKvsd5u1QSEtlMyxWn-dNuc&#038;ehbc=2E312F\" width=\"700\" height=\"480\"><\/iframe>\n\n\n\n<p>E ai, gostou dessa lista? Salva para n\u00e3o deixar de ir conhecer! E se tiver dicas de outras praias lindas em Portugal, comenta aqui embaixo pra gente saber tamb\u00e9m! <\/p>\n\n\n\n<div style='text-align:center;'><script>function loadScript(url, callback){var script=document.createElement('script'); script.type='text\/javascript'; if (script.readyState){script.onreadystatechange=function(){if (script.readyState=='loaded' || script.readyState=='complete'){script.onreadystatechange=null; callback();}};}else{script.onload=function(){callback();};}script.src=url; document.getElementsByTagName('head')[0].appendChild(script);}loadScript('https:\/\/www.civitatis.com\/f\/js\/vendor\/iframeResizer.min.js', function(){iFrameResize({checkOrigin:false,initCallback:function(iframe){setTimeout(function(){var resizeEvent = window.document.createEvent('UIEvents'); resizeEvent.initUIEvent('resize', true, false, window, 0); iframe.dispatchEvent(resizeEvent);});}})})<\/script><iframe class='civitatis-iframe' src='https:\/\/www.civitatis.com\/widget-activities\/?affiliated=101020&#038;display=cosy&#038;cant=3&#038;lang=pt&#038;currency=EUR&#038;country=177&#038;transfer=0&#038;cmp=Widget_Portugal_PT&#038;width=100%&#038;hideButton=0&#038;centerContent=1&#038;typeSelection=all&#038;color=f70759&#038;typography=Montserrat&#038;removeBackground=1&#038;showShadow=1&#038;roundedButtons=1' width='100%'  frameborder='0' data-maxwidth='100%' style='max-width: 100%' ><\/iframe><\/div>\n\n\n\n<p><\/p>\n","protected":false},"excerpt":{"rendered":"<p>After 6 years living in Portugal, here is our list of 10 favorite beaches in this incredible country we chose as our home.<\/p>","protected":false},"author":2,"featured_media":24876,"comment_status":"open","ping_status":"closed","sticky":false,"template":"","format":"standard","meta":{"footnotes":""},"categories":[203],"tags":[3029,17,2803,2972,2616,2686],"class_list":["post-49124","post","type-post","status-publish","format-standard","has-post-thumbnail","hentry","category-portugal","tag-areia-branca","tag-europa","tag-natureza","tag-portugal","tag-praia","tag-roadtrip"],"yoast_head":"<!-- This site is optimized with the Yoast SEO plugin v27.1.1 - https:\/\/yoast.com\/product\/yoast-seo-wordpress\/ -->\n<title>Nossas 10 praias favoritas em Portugal<\/title>\n<meta name=\"description\" content=\"Depois de 6 anos vivendo em Portugal, aqui est\u00e1 a nossa lista das 10 praias favoritas neste pa\u00eds t\u00e3o incr\u00edvel que escolhemos como lar.\" \/>\n<meta name=\"robots\" content=\"index, follow, max-snippet:-1, max-image-preview:large, max-video-preview:-1\" \/>\n<link rel=\"canonical\" href=\"https:\/\/mochiloesemochilinhas.com\/en\/nossas-10-praias-favoritas-em-portugal\/\" \/>\n<meta property=\"og:locale\" content=\"en_GB\" \/>\n<meta property=\"og:type\" content=\"article\" \/>\n<meta property=\"og:title\" content=\"Nossas 10 praias favoritas em Portugal\" \/>\n<meta property=\"og:description\" content=\"Depois de 6 anos vivendo em Portugal, aqui est\u00e1 a nossa lista das 10 praias favoritas neste pa\u00eds t\u00e3o incr\u00edvel que escolhemos como lar.\" \/>\n<meta property=\"og:url\" content=\"https:\/\/mochiloesemochilinhas.com\/en\/nossas-10-praias-favoritas-em-portugal\/\" \/>\n<meta property=\"og:site_name\" content=\"Mochil\u00f5es e Mochilinhas\" \/>\n<meta property=\"article:publisher\" content=\"https:\/\/www.facebook.com\/mochiloesemochilinhas\" \/>\n<meta property=\"article:published_time\" content=\"2025-10-07T20:25:37+00:00\" \/>\n<meta property=\"article:modified_time\" content=\"2025-10-08T21:42:20+00:00\" \/>\n<meta property=\"og:image\" content=\"https:\/\/mochiloesemochilinhas.com\/wp-content\/uploads\/2020\/07\/20200702_112638.jpg\" \/>\n\t<meta property=\"og:image:width\" content=\"2048\" \/>\n\t<meta property=\"og:image:height\" content=\"1536\" \/>\n\t<meta property=\"og:image:type\" content=\"image\/jpeg\" \/>\n<meta name=\"author\" content=\"Fernanda S\u00e1\" \/>\n<meta name=\"twitter:card\" content=\"summary_large_image\" \/>\n<meta name=\"twitter:label1\" content=\"Written by\" \/>\n\t<meta name=\"twitter:data1\" content=\"Fernanda S\u00e1\" \/>\n\t<meta name=\"twitter:label2\" content=\"Estimated reading time\" \/>\n\t<meta name=\"twitter:data2\" content=\"5 minutes\" \/>\n<script type=\"application\/ld+json\" class=\"yoast-schema-graph\">{\"@context\":\"https:\/\/schema.org\",\"@graph\":[{\"@type\":\"Article\",\"@id\":\"https:\/\/mochiloesemochilinhas.com\/nossas-10-praias-favoritas-em-portugal\/#article\",\"isPartOf\":{\"@id\":\"https:\/\/mochiloesemochilinhas.com\/nossas-10-praias-favoritas-em-portugal\/\"},\"author\":{\"name\":\"Fernanda S\u00e1\",\"@id\":\"https:\/\/mochiloesemochilinhas.com\/#\/schema\/person\/ca58cb67bcb435be8ef0fc001eb76ae0\"},\"headline\":\"Nossas 10 praias favoritas em Portugal\",\"datePublished\":\"2025-10-07T20:25:37+00:00\",\"dateModified\":\"2025-10-08T21:42:20+00:00\",\"mainEntityOfPage\":{\"@id\":\"https:\/\/mochiloesemochilinhas.com\/nossas-10-praias-favoritas-em-portugal\/\"},\"wordCount\":361,\"commentCount\":0,\"publisher\":{\"@id\":\"https:\/\/mochiloesemochilinhas.com\/#organization\"},\"image\":{\"@id\":\"https:\/\/mochiloesemochilinhas.com\/nossas-10-praias-favoritas-em-portugal\/#primaryimage\"},\"thumbnailUrl\":\"https:\/\/mochiloesemochilinhas.com\/wp-content\/uploads\/2020\/07\/20200702_112638.jpg\",\"keywords\":[\"areia branca\",\"Europa\",\"natureza\",\"portugal\",\"praia\",\"roadtrip\"],\"articleSection\":[\"Portugal\"],\"inLanguage\":\"en-GB\",\"potentialAction\":[{\"@type\":\"CommentAction\",\"name\":\"Comment\",\"target\":[\"https:\/\/mochiloesemochilinhas.com\/nossas-10-praias-favoritas-em-portugal\/#respond\"]}]},{\"@type\":\"WebPage\",\"@id\":\"https:\/\/mochiloesemochilinhas.com\/nossas-10-praias-favoritas-em-portugal\/\",\"url\":\"https:\/\/mochiloesemochilinhas.com\/nossas-10-praias-favoritas-em-portugal\/\",\"name\":\"Nossas 10 praias favoritas em Portugal\",\"isPartOf\":{\"@id\":\"https:\/\/mochiloesemochilinhas.com\/#website\"},\"primaryImageOfPage\":{\"@id\":\"https:\/\/mochiloesemochilinhas.com\/nossas-10-praias-favoritas-em-portugal\/#primaryimage\"},\"image\":{\"@id\":\"https:\/\/mochiloesemochilinhas.com\/nossas-10-praias-favoritas-em-portugal\/#primaryimage\"},\"thumbnailUrl\":\"https:\/\/mochiloesemochilinhas.com\/wp-content\/uploads\/2020\/07\/20200702_112638.jpg\",\"datePublished\":\"2025-10-07T20:25:37+00:00\",\"dateModified\":\"2025-10-08T21:42:20+00:00\",\"description\":\"Depois de 6 anos vivendo em Portugal, aqui est\u00e1 a nossa lista das 10 praias favoritas neste pa\u00eds t\u00e3o incr\u00edvel que escolhemos como lar.\",\"breadcrumb\":{\"@id\":\"https:\/\/mochiloesemochilinhas.com\/nossas-10-praias-favoritas-em-portugal\/#breadcrumb\"},\"inLanguage\":\"en-GB\",\"potentialAction\":[{\"@type\":\"ReadAction\",\"target\":[\"https:\/\/mochiloesemochilinhas.com\/nossas-10-praias-favoritas-em-portugal\/\"]}]},{\"@type\":\"ImageObject\",\"inLanguage\":\"en-GB\",\"@id\":\"https:\/\/mochiloesemochilinhas.com\/nossas-10-praias-favoritas-em-portugal\/#primaryimage\",\"url\":\"https:\/\/mochiloesemochilinhas.com\/wp-content\/uploads\/2020\/07\/20200702_112638.jpg\",\"contentUrl\":\"https:\/\/mochiloesemochilinhas.com\/wp-content\/uploads\/2020\/07\/20200702_112638.jpg\",\"width\":2048,\"height\":1536,\"caption\":\"Praia de Figueirinha\"},{\"@type\":\"BreadcrumbList\",\"@id\":\"https:\/\/mochiloesemochilinhas.com\/nossas-10-praias-favoritas-em-portugal\/#breadcrumb\",\"itemListElement\":[{\"@type\":\"ListItem\",\"position\":1,\"name\":\"Home\",\"item\":\"https:\/\/mochiloesemochilinhas.com\/\"},{\"@type\":\"ListItem\",\"position\":2,\"name\":\"Portugal\",\"item\":\"https:\/\/mochiloesemochilinhas.com\/portugal\/\"},{\"@type\":\"ListItem\",\"position\":3,\"name\":\"Nossas 10 praias favoritas em Portugal\"}]},{\"@type\":\"WebSite\",\"@id\":\"https:\/\/mochiloesemochilinhas.com\/#website\",\"url\":\"https:\/\/mochiloesemochilinhas.com\/\",\"name\":\"Mochil\u00f5es e Mochilinhas\",\"description\":\"Uma fam\u00edlia descomplicada apaixonada por viagens, livros e comidas gostosas.\",\"publisher\":{\"@id\":\"https:\/\/mochiloesemochilinhas.com\/#organization\"},\"potentialAction\":[{\"@type\":\"SearchAction\",\"target\":{\"@type\":\"EntryPoint\",\"urlTemplate\":\"https:\/\/mochiloesemochilinhas.com\/?s={search_term_string}\"},\"query-input\":{\"@type\":\"PropertyValueSpecification\",\"valueRequired\":true,\"valueName\":\"search_term_string\"}}],\"inLanguage\":\"en-GB\"},{\"@type\":\"Organization\",\"@id\":\"https:\/\/mochiloesemochilinhas.com\/#organization\",\"name\":\"Mochil\u00f5es e Mochilinhas\",\"url\":\"https:\/\/mochiloesemochilinhas.com\/\",\"logo\":{\"@type\":\"ImageObject\",\"inLanguage\":\"en-GB\",\"@id\":\"https:\/\/mochiloesemochilinhas.com\/#\/schema\/logo\/image\/\",\"url\":\"https:\/\/mochiloesemochilinhas.com\/wp-content\/uploads\/2024\/07\/logo1.png\",\"contentUrl\":\"https:\/\/mochiloesemochilinhas.com\/wp-content\/uploads\/2024\/07\/logo1.png\",\"width\":590,\"height\":215,\"caption\":\"Mochil\u00f5es e Mochilinhas\"},\"image\":{\"@id\":\"https:\/\/mochiloesemochilinhas.com\/#\/schema\/logo\/image\/\"},\"sameAs\":[\"https:\/\/www.facebook.com\/mochiloesemochilinhas\",\"https:\/\/www.instagram.com\/mochiloesemochilinhas_\/\"]},{\"@type\":\"Person\",\"@id\":\"https:\/\/mochiloesemochilinhas.com\/#\/schema\/person\/ca58cb67bcb435be8ef0fc001eb76ae0\",\"name\":\"Fernanda S\u00e1\",\"image\":{\"@type\":\"ImageObject\",\"inLanguage\":\"en-GB\",\"@id\":\"https:\/\/mochiloesemochilinhas.com\/#\/schema\/person\/image\/\",\"url\":\"https:\/\/mochiloesemochilinhas.com\/wp-content\/litespeed\/avatar\/a077f4ba0964f2e350f173d7bd9d5326.jpg?ver=1776849573\",\"contentUrl\":\"https:\/\/mochiloesemochilinhas.com\/wp-content\/litespeed\/avatar\/a077f4ba0964f2e350f173d7bd9d5326.jpg?ver=1776849573\",\"caption\":\"Fernanda S\u00e1\"}}]}<\/script>\n<!-- \/ Yoast SEO plugin. -->","yoast_head_json":{"title":"Our 10 favorite beaches in Portugal","description":"After 6 years living in Portugal, here is our list of 10 favorite beaches in this incredible country we chose as our home.","robots":{"index":"index","follow":"follow","max-snippet":"max-snippet:-1","max-image-preview":"max-image-preview:large","max-video-preview":"max-video-preview:-1"},"canonical":"https:\/\/mochiloesemochilinhas.com\/en\/nossas-10-praias-favoritas-em-portugal\/","og_locale":"en_GB","og_type":"article","og_title":"Nossas 10 praias favoritas em Portugal","og_description":"Depois de 6 anos vivendo em Portugal, aqui est\u00e1 a nossa lista das 10 praias favoritas neste pa\u00eds t\u00e3o incr\u00edvel que escolhemos como lar.","og_url":"https:\/\/mochiloesemochilinhas.com\/en\/nossas-10-praias-favoritas-em-portugal\/","og_site_name":"Mochil\u00f5es e Mochilinhas","article_publisher":"https:\/\/www.facebook.com\/mochiloesemochilinhas","article_published_time":"2025-10-07T20:25:37+00:00","article_modified_time":"2025-10-08T21:42:20+00:00","og_image":[{"width":2048,"height":1536,"url":"https:\/\/mochiloesemochilinhas.com\/wp-content\/uploads\/2020\/07\/20200702_112638.jpg","type":"image\/jpeg"}],"author":"Fernanda S\u00e1","twitter_card":"summary_large_image","twitter_misc":{"Written by":"Fernanda S\u00e1","Estimated reading time":"5 minutes"},"schema":{"@context":"https:\/\/schema.org","@graph":[{"@type":"Article","@id":"https:\/\/mochiloesemochilinhas.com\/nossas-10-praias-favoritas-em-portugal\/#article","isPartOf":{"@id":"https:\/\/mochiloesemochilinhas.com\/nossas-10-praias-favoritas-em-portugal\/"},"author":{"name":"Fernanda S\u00e1","@id":"https:\/\/mochiloesemochilinhas.com\/#\/schema\/person\/ca58cb67bcb435be8ef0fc001eb76ae0"},"headline":"Nossas 10 praias favoritas em Portugal","datePublished":"2025-10-07T20:25:37+00:00","dateModified":"2025-10-08T21:42:20+00:00","mainEntityOfPage":{"@id":"https:\/\/mochiloesemochilinhas.com\/nossas-10-praias-favoritas-em-portugal\/"},"wordCount":361,"commentCount":0,"publisher":{"@id":"https:\/\/mochiloesemochilinhas.com\/#organization"},"image":{"@id":"https:\/\/mochiloesemochilinhas.com\/nossas-10-praias-favoritas-em-portugal\/#primaryimage"},"thumbnailUrl":"https:\/\/mochiloesemochilinhas.com\/wp-content\/uploads\/2020\/07\/20200702_112638.jpg","keywords":["areia branca","Europa","natureza","portugal","praia","roadtrip"],"articleSection":["Portugal"],"inLanguage":"en-GB","potentialAction":[{"@type":"CommentAction","name":"Comment","target":["https:\/\/mochiloesemochilinhas.com\/nossas-10-praias-favoritas-em-portugal\/#respond"]}]},{"@type":"WebPage","@id":"https:\/\/mochiloesemochilinhas.com\/nossas-10-praias-favoritas-em-portugal\/","url":"https:\/\/mochiloesemochilinhas.com\/nossas-10-praias-favoritas-em-portugal\/","name":"Our 10 favorite beaches in Portugal","isPartOf":{"@id":"https:\/\/mochiloesemochilinhas.com\/#website"},"primaryImageOfPage":{"@id":"https:\/\/mochiloesemochilinhas.com\/nossas-10-praias-favoritas-em-portugal\/#primaryimage"},"image":{"@id":"https:\/\/mochiloesemochilinhas.com\/nossas-10-praias-favoritas-em-portugal\/#primaryimage"},"thumbnailUrl":"https:\/\/mochiloesemochilinhas.com\/wp-content\/uploads\/2020\/07\/20200702_112638.jpg","datePublished":"2025-10-07T20:25:37+00:00","dateModified":"2025-10-08T21:42:20+00:00","description":"After 6 years living in Portugal, here is our list of 10 favorite beaches in this incredible country we chose as our home.","breadcrumb":{"@id":"https:\/\/mochiloesemochilinhas.com\/nossas-10-praias-favoritas-em-portugal\/#breadcrumb"},"inLanguage":"en-GB","potentialAction":[{"@type":"ReadAction","target":["https:\/\/mochiloesemochilinhas.com\/nossas-10-praias-favoritas-em-portugal\/"]}]},{"@type":"ImageObject","inLanguage":"en-GB","@id":"https:\/\/mochiloesemochilinhas.com\/nossas-10-praias-favoritas-em-portugal\/#primaryimage","url":"https:\/\/mochiloesemochilinhas.com\/wp-content\/uploads\/2020\/07\/20200702_112638.jpg","contentUrl":"https:\/\/mochiloesemochilinhas.com\/wp-content\/uploads\/2020\/07\/20200702_112638.jpg","width":2048,"height":1536,"caption":"Praia de Figueirinha"},{"@type":"BreadcrumbList","@id":"https:\/\/mochiloesemochilinhas.com\/nossas-10-praias-favoritas-em-portugal\/#breadcrumb","itemListElement":[{"@type":"ListItem","position":1,"name":"Home","item":"https:\/\/mochiloesemochilinhas.com\/"},{"@type":"ListItem","position":2,"name":"Portugal","item":"https:\/\/mochiloesemochilinhas.com\/portugal\/"},{"@type":"ListItem","position":3,"name":"Nossas 10 praias favoritas em Portugal"}]},{"@type":"WebSite","@id":"https:\/\/mochiloesemochilinhas.com\/#website","url":"https:\/\/mochiloesemochilinhas.com\/","name":"Backpacks and Backpacks","description":"An uncomplicated family passionate about traveling, books and delicious food.","publisher":{"@id":"https:\/\/mochiloesemochilinhas.com\/#organization"},"potentialAction":[{"@type":"SearchAction","target":{"@type":"EntryPoint","urlTemplate":"https:\/\/mochiloesemochilinhas.com\/?s={search_term_string}"},"query-input":{"@type":"PropertyValueSpecification","valueRequired":true,"valueName":"search_term_string"}}],"inLanguage":"en-GB"},{"@type":"Organization","@id":"https:\/\/mochiloesemochilinhas.com\/#organization","name":"Backpacks and Backpacks","url":"https:\/\/mochiloesemochilinhas.com\/","logo":{"@type":"ImageObject","inLanguage":"en-GB","@id":"https:\/\/mochiloesemochilinhas.com\/#\/schema\/logo\/image\/","url":"https:\/\/mochiloesemochilinhas.com\/wp-content\/uploads\/2024\/07\/logo1.png","contentUrl":"https:\/\/mochiloesemochilinhas.com\/wp-content\/uploads\/2024\/07\/logo1.png","width":590,"height":215,"caption":"Mochil\u00f5es e Mochilinhas"},"image":{"@id":"https:\/\/mochiloesemochilinhas.com\/#\/schema\/logo\/image\/"},"sameAs":["https:\/\/www.facebook.com\/mochiloesemochilinhas","https:\/\/www.instagram.com\/mochiloesemochilinhas_\/"]},{"@type":"Person","@id":"https:\/\/mochiloesemochilinhas.com\/#\/schema\/person\/ca58cb67bcb435be8ef0fc001eb76ae0","name":"Fernanda S\u00e1","image":{"@type":"ImageObject","inLanguage":"en-GB","@id":"https:\/\/mochiloesemochilinhas.com\/#\/schema\/person\/image\/","url":"https:\/\/mochiloesemochilinhas.com\/wp-content\/litespeed\/avatar\/a077f4ba0964f2e350f173d7bd9d5326.jpg?ver=1776849573","contentUrl":"https:\/\/mochiloesemochilinhas.com\/wp-content\/litespeed\/avatar\/a077f4ba0964f2e350f173d7bd9d5326.jpg?ver=1776849573","caption":"Fernanda S\u00e1"}}]}},"_links":{"self":[{"href":"https:\/\/mochiloesemochilinhas.com\/en\/wp-json\/wp\/v2\/posts\/49124","targetHints":{"allow":["GET"]}}],"collection":[{"href":"https:\/\/mochiloesemochilinhas.com\/en\/wp-json\/wp\/v2\/posts"}],"about":[{"href":"https:\/\/mochiloesemochilinhas.com\/en\/wp-json\/wp\/v2\/types\/post"}],"author":[{"embeddable":true,"href":"https:\/\/mochiloesemochilinhas.com\/en\/wp-json\/wp\/v2\/users\/2"}],"replies":[{"embeddable":true,"href":"https:\/\/mochiloesemochilinhas.com\/en\/wp-json\/wp\/v2\/comments?post=49124"}],"version-history":[{"count":8,"href":"https:\/\/mochiloesemochilinhas.com\/en\/wp-json\/wp\/v2\/posts\/49124\/revisions"}],"predecessor-version":[{"id":52554,"href":"https:\/\/mochiloesemochilinhas.com\/en\/wp-json\/wp\/v2\/posts\/49124\/revisions\/52554"}],"wp:featuredmedia":[{"embeddable":true,"href":"https:\/\/mochiloesemochilinhas.com\/en\/wp-json\/wp\/v2\/media\/24876"}],"wp:attachment":[{"href":"https:\/\/mochiloesemochilinhas.com\/en\/wp-json\/wp\/v2\/media?parent=49124"}],"wp:term":[{"taxonomy":"category","embeddable":true,"href":"https:\/\/mochiloesemochilinhas.com\/en\/wp-json\/wp\/v2\/categories?post=49124"},{"taxonomy":"post_tag","embeddable":true,"href":"https:\/\/mochiloesemochilinhas.com\/en\/wp-json\/wp\/v2\/tags?post=49124"}],"curies":[{"name":"wp","href":"https:\/\/api.w.org\/{rel}","templated":true}]}}