{"id":52547,"date":"2025-10-09T10:37:53","date_gmt":"2025-10-09T10:37:53","guid":{"rendered":"https:\/\/mochiloesemochilinhas.com\/?p=52547"},"modified":"2025-10-09T10:37:58","modified_gmt":"2025-10-09T10:37:58","slug":"nossos-roteiros-de-viagem-pela-irlanda","status":"publish","type":"post","link":"https:\/\/mochiloesemochilinhas.com\/en\/nossos-roteiros-de-viagem-pela-irlanda\/","title":{"rendered":"Our travel itineraries for Ireland"},"content":{"rendered":"\n<p>Ah, a Irlanda&#8230; quanto carinho tenho por este pa\u00eds que escolhi para viver por quase 4 anos. O pa\u00eds que me acolheu t\u00e3o bem, mesmo com o clima tenebroso que tem, e que me deu meu primeiro filho saud\u00e1vel e maravilhoso. Vivemos l\u00e1 de 2014 a 2018, e apesar de termos aproveitado muito a Ryanair para conhecer toda a Europa, n\u00f3s conseguimos fazer roteiros de viagem bem gostosos por l\u00e1 e vou deixar organizadas aqui para ajudar quem precisar de inspira\u00e7\u00e3o.<\/p>\n\n\n\n<p>Espero voltar novamente em breve, agora meus 2 filhotes e marido, e atualizarei a lista com todo o prazer e carinho do mundo!<\/p>\n\n\n\n<h2 class=\"wp-block-heading\">2018<\/h2>\n\n\n\n<p><a href=\"https:\/\/mochiloesemochilinhas.com\/4-dias-pela-irlanda-waterford-mizen-head-e-ring-of-kerry\/\">4 dias em Waterford, Mizen Head e Ring of Kerry<\/a> e <a href=\"https:\/\/mochiloesemochilinhas.com\/primeira-viagem-com-o-baby\/\">Primeira viagem com nosso beb\u00ea (3 meses de vida)<\/a><\/p>\n\n\n\n<figure class=\"wp-block-image size-large\"><img decoding=\"async\" src=\"https:\/\/mochiloesemochilinhas.com\/wp-content\/uploads\/2018\/08\/dsc03701.jpg\" alt=\"\"\/><\/figure>\n\n\n\n<h2 class=\"wp-block-heading\">2017<\/h2>\n\n\n\n<p><a href=\"https:\/\/mochiloesemochilinhas.com\/4-dias-passespanish-point-cliffs-of-moher-e-peninsula-dingle\/\">4 dias em Spanish Point, Cliffs of Moher e Pen\u00ednsula Dingle<\/a><\/p>\n\n\n\n<figure class=\"wp-block-image size-large\"><img decoding=\"async\" src=\"https:\/\/mochiloesemochilinhas.com\/wp-content\/uploads\/2017\/07\/dsc02166.jpg\" alt=\"\"\/><\/figure>\n\n\n\n<h2 class=\"wp-block-heading\">2016<\/h2>\n\n\n\n<p><a href=\"https:\/\/mochiloesemochilinhas.com\/uma-tarde-de-sol-em-bray\/\">Uma tarde de sol em Bray<\/a><\/p>\n\n\n\n<p><a href=\"https:\/\/mochiloesemochilinhas.com\/1-dia-em-malahide-e-portmarnock\/\">1 dia em Malahide e Portmarnock<\/a><\/p>\n\n\n\n<figure class=\"wp-block-image size-large\"><img decoding=\"async\" src=\"https:\/\/mochiloesemochilinhas.com\/wp-content\/uploads\/2016\/06\/DSC02801-1-1536x1152.jpg.webp\" alt=\"\"\/><\/figure>\n\n\n\n<h2 class=\"wp-block-heading\">2015<\/h2>\n\n\n\n<p><a href=\"https:\/\/mochiloesemochilinhas.com\/um-final-de-semana-pela-irlanda-bru-na-boinne-galway-e-cliffs-of-moher\/\">Um final de semana em Br\u00fa na B\u00f3inne, Galway e Cliffs of Moher<\/a><\/p>\n\n\n\n<p><a href=\"https:\/\/mochiloesemochilinhas.com\/um-final-de-semana-em-cork\/\">Um final de semana em Cork com amigos<\/a><\/p>\n\n\n\n<p><a href=\"https:\/\/mochiloesemochilinhas.com\/um-dia-em-howth-irlanda\/\">1 dia em Howth, sub\u00farbio de Dublin<\/a><\/p>\n\n\n\n<p><a href=\"https:\/\/mochiloesemochilinhas.com\/um-dia-em-dalkey\/\">1 dia em Dalkey, sub\u00farbio de Dublin<\/a><\/p>\n\n\n\n<figure class=\"wp-block-image size-large\"><img decoding=\"async\" src=\"https:\/\/mochiloesemochilinhas.com\/wp-content\/uploads\/2023\/03\/DSC06015.jpg\" alt=\"\"\/><\/figure>\n\n\n\n<p>Se estiver pensando em ir para a Irlanda, n\u00e3o deixe de ver os passeios dispon\u00edveis no site da Civitatis:<\/p>\n\n\n\n<div style='text-align:center;'><script>function loadScript(url, callback){var script=document.createElement('script'); script.type='text\/javascript'; if (script.readyState){script.onreadystatechange=function(){if (script.readyState=='loaded' || script.readyState=='complete'){script.onreadystatechange=null; callback();}};}else{script.onload=function(){callback();};}script.src=url; document.getElementsByTagName('head')[0].appendChild(script);}loadScript('https:\/\/www.civitatis.com\/f\/js\/vendor\/iframeResizer.min.js', function(){iFrameResize({checkOrigin:false,initCallback:function(iframe){setTimeout(function(){var resizeEvent = window.document.createEvent('UIEvents'); resizeEvent.initUIEvent('resize', true, false, window, 0); iframe.dispatchEvent(resizeEvent);});}})})<\/script><iframe class='civitatis-iframe' src='https:\/\/www.civitatis.com\/widget-activities\/?affiliated=101020&#038;display=cosy&#038;cant=3&#038;lang=pt&#038;currency=EUR&#038;country=109&#038;transfer=0&#038;cmp=Widget_Irlanda_PT&#038;width=100%&#038;hideButton=0&#038;centerContent=1&#038;typeSelection=all&#038;color=f70759&#038;typography=Montserrat&#038;removeBackground=1&#038;showShadow=1&#038;roundedButtons=1' width='100%'  frameborder='0' data-maxwidth='100%' style='max-width: 100%' ><\/iframe><\/div>\n","protected":false},"excerpt":{"rendered":"<p>We lived in Ireland for almost four years and took some beautiful trips around the Emerald Isle with friends, family, and solo. Come see for yourself!<\/p>","protected":false},"author":2,"featured_media":52549,"comment_status":"open","ping_status":"closed","sticky":false,"template":"","format":"standard","meta":{"footnotes":""},"categories":[147],"tags":[2710,3039,2730,17,2703,2803,2686,2700,2584,3041],"class_list":["post-52547","post","type-post","status-publish","format-standard","has-post-thumbnail","hentry","category-irlanda","tag-castelos","tag-cork","tag-dublin","tag-europa","tag-historia","tag-natureza","tag-roadtrip","tag-romance","tag-roteiros","tag-waterford"],"yoast_head":"<!-- This site is optimized with the Yoast SEO plugin v27.1.1 - https:\/\/yoast.com\/product\/yoast-seo-wordpress\/ -->\n<title>Nossos roteiros de viagem pela Irlanda<\/title>\n<meta name=\"description\" content=\"Vivemos durante quase 4 anos na Irlanda e fizemos roteiros de viagem lind\u00edssimos pela ilha esmeralda com amigos, familiares e sozinhos.\" \/>\n<meta name=\"robots\" content=\"index, follow, max-snippet:-1, max-image-preview:large, max-video-preview:-1\" \/>\n<link rel=\"canonical\" href=\"https:\/\/mochiloesemochilinhas.com\/en\/nossos-roteiros-de-viagem-pela-irlanda\/\" \/>\n<meta property=\"og:locale\" content=\"en_GB\" \/>\n<meta property=\"og:type\" content=\"article\" \/>\n<meta property=\"og:title\" content=\"Nossos roteiros de viagem pela Irlanda\" \/>\n<meta property=\"og:description\" content=\"Vivemos durante quase 4 anos na Irlanda e fizemos roteiros de viagem lind\u00edssimos pela ilha esmeralda com amigos, familiares e sozinhos.\" \/>\n<meta property=\"og:url\" content=\"https:\/\/mochiloesemochilinhas.com\/en\/nossos-roteiros-de-viagem-pela-irlanda\/\" \/>\n<meta property=\"og:site_name\" content=\"Mochil\u00f5es e Mochilinhas\" \/>\n<meta property=\"article:publisher\" content=\"https:\/\/www.facebook.com\/mochiloesemochilinhas\" \/>\n<meta property=\"article:published_time\" content=\"2025-10-09T10:37:53+00:00\" \/>\n<meta property=\"article:modified_time\" content=\"2025-10-09T10:37:58+00:00\" \/>\n<meta property=\"og:image\" content=\"https:\/\/mochiloesemochilinhas.com\/wp-content\/uploads\/2025\/10\/DSC06133.jpg\" \/>\n\t<meta property=\"og:image:width\" content=\"2048\" \/>\n\t<meta property=\"og:image:height\" content=\"1536\" \/>\n\t<meta property=\"og:image:type\" content=\"image\/jpeg\" \/>\n<meta name=\"author\" content=\"Fernanda S\u00e1\" \/>\n<meta name=\"twitter:card\" content=\"summary_large_image\" \/>\n<meta name=\"twitter:label1\" content=\"Written by\" \/>\n\t<meta name=\"twitter:data1\" content=\"Fernanda S\u00e1\" \/>\n\t<meta name=\"twitter:label2\" content=\"Estimated reading time\" \/>\n\t<meta name=\"twitter:data2\" content=\"3 minutes\" \/>\n<script type=\"application\/ld+json\" class=\"yoast-schema-graph\">{\"@context\":\"https:\/\/schema.org\",\"@graph\":[{\"@type\":\"Article\",\"@id\":\"https:\/\/mochiloesemochilinhas.com\/nossos-roteiros-de-viagem-pela-irlanda\/#article\",\"isPartOf\":{\"@id\":\"https:\/\/mochiloesemochilinhas.com\/nossos-roteiros-de-viagem-pela-irlanda\/\"},\"author\":{\"name\":\"Fernanda S\u00e1\",\"@id\":\"https:\/\/mochiloesemochilinhas.com\/#\/schema\/person\/ca58cb67bcb435be8ef0fc001eb76ae0\"},\"headline\":\"Nossos roteiros de viagem pela Irlanda\",\"datePublished\":\"2025-10-09T10:37:53+00:00\",\"dateModified\":\"2025-10-09T10:37:58+00:00\",\"mainEntityOfPage\":{\"@id\":\"https:\/\/mochiloesemochilinhas.com\/nossos-roteiros-de-viagem-pela-irlanda\/\"},\"wordCount\":209,\"commentCount\":0,\"publisher\":{\"@id\":\"https:\/\/mochiloesemochilinhas.com\/#organization\"},\"image\":{\"@id\":\"https:\/\/mochiloesemochilinhas.com\/nossos-roteiros-de-viagem-pela-irlanda\/#primaryimage\"},\"thumbnailUrl\":\"https:\/\/mochiloesemochilinhas.com\/wp-content\/uploads\/2025\/10\/DSC06133.jpg\",\"keywords\":[\"castelos\",\"cork\",\"Dublin\",\"Europa\",\"historia\",\"natureza\",\"roadtrip\",\"romance\",\"Roteiros\",\"waterford\"],\"articleSection\":[\"Irlanda\"],\"inLanguage\":\"en-GB\",\"potentialAction\":[{\"@type\":\"CommentAction\",\"name\":\"Comment\",\"target\":[\"https:\/\/mochiloesemochilinhas.com\/nossos-roteiros-de-viagem-pela-irlanda\/#respond\"]}]},{\"@type\":\"WebPage\",\"@id\":\"https:\/\/mochiloesemochilinhas.com\/nossos-roteiros-de-viagem-pela-irlanda\/\",\"url\":\"https:\/\/mochiloesemochilinhas.com\/nossos-roteiros-de-viagem-pela-irlanda\/\",\"name\":\"Nossos roteiros de viagem pela Irlanda\",\"isPartOf\":{\"@id\":\"https:\/\/mochiloesemochilinhas.com\/#website\"},\"primaryImageOfPage\":{\"@id\":\"https:\/\/mochiloesemochilinhas.com\/nossos-roteiros-de-viagem-pela-irlanda\/#primaryimage\"},\"image\":{\"@id\":\"https:\/\/mochiloesemochilinhas.com\/nossos-roteiros-de-viagem-pela-irlanda\/#primaryimage\"},\"thumbnailUrl\":\"https:\/\/mochiloesemochilinhas.com\/wp-content\/uploads\/2025\/10\/DSC06133.jpg\",\"datePublished\":\"2025-10-09T10:37:53+00:00\",\"dateModified\":\"2025-10-09T10:37:58+00:00\",\"description\":\"Vivemos durante quase 4 anos na Irlanda e fizemos roteiros de viagem lind\u00edssimos pela ilha esmeralda com amigos, familiares e sozinhos.\",\"breadcrumb\":{\"@id\":\"https:\/\/mochiloesemochilinhas.com\/nossos-roteiros-de-viagem-pela-irlanda\/#breadcrumb\"},\"inLanguage\":\"en-GB\",\"potentialAction\":[{\"@type\":\"ReadAction\",\"target\":[\"https:\/\/mochiloesemochilinhas.com\/nossos-roteiros-de-viagem-pela-irlanda\/\"]}]},{\"@type\":\"ImageObject\",\"inLanguage\":\"en-GB\",\"@id\":\"https:\/\/mochiloesemochilinhas.com\/nossos-roteiros-de-viagem-pela-irlanda\/#primaryimage\",\"url\":\"https:\/\/mochiloesemochilinhas.com\/wp-content\/uploads\/2025\/10\/DSC06133.jpg\",\"contentUrl\":\"https:\/\/mochiloesemochilinhas.com\/wp-content\/uploads\/2025\/10\/DSC06133.jpg\",\"width\":2048,\"height\":1536},{\"@type\":\"BreadcrumbList\",\"@id\":\"https:\/\/mochiloesemochilinhas.com\/nossos-roteiros-de-viagem-pela-irlanda\/#breadcrumb\",\"itemListElement\":[{\"@type\":\"ListItem\",\"position\":1,\"name\":\"Home\",\"item\":\"https:\/\/mochiloesemochilinhas.com\/\"},{\"@type\":\"ListItem\",\"position\":2,\"name\":\"Irlanda\",\"item\":\"https:\/\/mochiloesemochilinhas.com\/irlanda\/\"},{\"@type\":\"ListItem\",\"position\":3,\"name\":\"Nossos roteiros de viagem pela Irlanda\"}]},{\"@type\":\"WebSite\",\"@id\":\"https:\/\/mochiloesemochilinhas.com\/#website\",\"url\":\"https:\/\/mochiloesemochilinhas.com\/\",\"name\":\"Mochil\u00f5es e Mochilinhas\",\"description\":\"Uma fam\u00edlia descomplicada apaixonada por viagens, livros e comidas gostosas.\",\"publisher\":{\"@id\":\"https:\/\/mochiloesemochilinhas.com\/#organization\"},\"potentialAction\":[{\"@type\":\"SearchAction\",\"target\":{\"@type\":\"EntryPoint\",\"urlTemplate\":\"https:\/\/mochiloesemochilinhas.com\/?s={search_term_string}\"},\"query-input\":{\"@type\":\"PropertyValueSpecification\",\"valueRequired\":true,\"valueName\":\"search_term_string\"}}],\"inLanguage\":\"en-GB\"},{\"@type\":\"Organization\",\"@id\":\"https:\/\/mochiloesemochilinhas.com\/#organization\",\"name\":\"Mochil\u00f5es e Mochilinhas\",\"url\":\"https:\/\/mochiloesemochilinhas.com\/\",\"logo\":{\"@type\":\"ImageObject\",\"inLanguage\":\"en-GB\",\"@id\":\"https:\/\/mochiloesemochilinhas.com\/#\/schema\/logo\/image\/\",\"url\":\"https:\/\/mochiloesemochilinhas.com\/wp-content\/uploads\/2024\/07\/logo1.png\",\"contentUrl\":\"https:\/\/mochiloesemochilinhas.com\/wp-content\/uploads\/2024\/07\/logo1.png\",\"width\":590,\"height\":215,\"caption\":\"Mochil\u00f5es e Mochilinhas\"},\"image\":{\"@id\":\"https:\/\/mochiloesemochilinhas.com\/#\/schema\/logo\/image\/\"},\"sameAs\":[\"https:\/\/www.facebook.com\/mochiloesemochilinhas\",\"https:\/\/www.instagram.com\/mochiloesemochilinhas_\/\"]},{\"@type\":\"Person\",\"@id\":\"https:\/\/mochiloesemochilinhas.com\/#\/schema\/person\/ca58cb67bcb435be8ef0fc001eb76ae0\",\"name\":\"Fernanda S\u00e1\",\"image\":{\"@type\":\"ImageObject\",\"inLanguage\":\"en-GB\",\"@id\":\"https:\/\/mochiloesemochilinhas.com\/#\/schema\/person\/image\/\",\"url\":\"https:\/\/mochiloesemochilinhas.com\/wp-content\/litespeed\/avatar\/a077f4ba0964f2e350f173d7bd9d5326.jpg?ver=1776849573\",\"contentUrl\":\"https:\/\/mochiloesemochilinhas.com\/wp-content\/litespeed\/avatar\/a077f4ba0964f2e350f173d7bd9d5326.jpg?ver=1776849573\",\"caption\":\"Fernanda S\u00e1\"}}]}<\/script>\n<!-- \/ Yoast SEO plugin. -->","yoast_head_json":{"title":"Our travel itineraries for Ireland","description":"We lived in Ireland for almost 4 years and took some beautiful trips around the Emerald Isle with friends, family, and alone.","robots":{"index":"index","follow":"follow","max-snippet":"max-snippet:-1","max-image-preview":"max-image-preview:large","max-video-preview":"max-video-preview:-1"},"canonical":"https:\/\/mochiloesemochilinhas.com\/en\/nossos-roteiros-de-viagem-pela-irlanda\/","og_locale":"en_GB","og_type":"article","og_title":"Nossos roteiros de viagem pela Irlanda","og_description":"Vivemos durante quase 4 anos na Irlanda e fizemos roteiros de viagem lind\u00edssimos pela ilha esmeralda com amigos, familiares e sozinhos.","og_url":"https:\/\/mochiloesemochilinhas.com\/en\/nossos-roteiros-de-viagem-pela-irlanda\/","og_site_name":"Mochil\u00f5es e Mochilinhas","article_publisher":"https:\/\/www.facebook.com\/mochiloesemochilinhas","article_published_time":"2025-10-09T10:37:53+00:00","article_modified_time":"2025-10-09T10:37:58+00:00","og_image":[{"width":2048,"height":1536,"url":"https:\/\/mochiloesemochilinhas.com\/wp-content\/uploads\/2025\/10\/DSC06133.jpg","type":"image\/jpeg"}],"author":"Fernanda S\u00e1","twitter_card":"summary_large_image","twitter_misc":{"Written by":"Fernanda S\u00e1","Estimated reading time":"3 minutes"},"schema":{"@context":"https:\/\/schema.org","@graph":[{"@type":"Article","@id":"https:\/\/mochiloesemochilinhas.com\/nossos-roteiros-de-viagem-pela-irlanda\/#article","isPartOf":{"@id":"https:\/\/mochiloesemochilinhas.com\/nossos-roteiros-de-viagem-pela-irlanda\/"},"author":{"name":"Fernanda S\u00e1","@id":"https:\/\/mochiloesemochilinhas.com\/#\/schema\/person\/ca58cb67bcb435be8ef0fc001eb76ae0"},"headline":"Nossos roteiros de viagem pela Irlanda","datePublished":"2025-10-09T10:37:53+00:00","dateModified":"2025-10-09T10:37:58+00:00","mainEntityOfPage":{"@id":"https:\/\/mochiloesemochilinhas.com\/nossos-roteiros-de-viagem-pela-irlanda\/"},"wordCount":209,"commentCount":0,"publisher":{"@id":"https:\/\/mochiloesemochilinhas.com\/#organization"},"image":{"@id":"https:\/\/mochiloesemochilinhas.com\/nossos-roteiros-de-viagem-pela-irlanda\/#primaryimage"},"thumbnailUrl":"https:\/\/mochiloesemochilinhas.com\/wp-content\/uploads\/2025\/10\/DSC06133.jpg","keywords":["castelos","cork","Dublin","Europa","historia","natureza","roadtrip","romance","Roteiros","waterford"],"articleSection":["Irlanda"],"inLanguage":"en-GB","potentialAction":[{"@type":"CommentAction","name":"Comment","target":["https:\/\/mochiloesemochilinhas.com\/nossos-roteiros-de-viagem-pela-irlanda\/#respond"]}]},{"@type":"WebPage","@id":"https:\/\/mochiloesemochilinhas.com\/nossos-roteiros-de-viagem-pela-irlanda\/","url":"https:\/\/mochiloesemochilinhas.com\/nossos-roteiros-de-viagem-pela-irlanda\/","name":"Our travel itineraries for Ireland","isPartOf":{"@id":"https:\/\/mochiloesemochilinhas.com\/#website"},"primaryImageOfPage":{"@id":"https:\/\/mochiloesemochilinhas.com\/nossos-roteiros-de-viagem-pela-irlanda\/#primaryimage"},"image":{"@id":"https:\/\/mochiloesemochilinhas.com\/nossos-roteiros-de-viagem-pela-irlanda\/#primaryimage"},"thumbnailUrl":"https:\/\/mochiloesemochilinhas.com\/wp-content\/uploads\/2025\/10\/DSC06133.jpg","datePublished":"2025-10-09T10:37:53+00:00","dateModified":"2025-10-09T10:37:58+00:00","description":"We lived in Ireland for almost 4 years and took some beautiful trips around the Emerald Isle with friends, family, and alone.","breadcrumb":{"@id":"https:\/\/mochiloesemochilinhas.com\/nossos-roteiros-de-viagem-pela-irlanda\/#breadcrumb"},"inLanguage":"en-GB","potentialAction":[{"@type":"ReadAction","target":["https:\/\/mochiloesemochilinhas.com\/nossos-roteiros-de-viagem-pela-irlanda\/"]}]},{"@type":"ImageObject","inLanguage":"en-GB","@id":"https:\/\/mochiloesemochilinhas.com\/nossos-roteiros-de-viagem-pela-irlanda\/#primaryimage","url":"https:\/\/mochiloesemochilinhas.com\/wp-content\/uploads\/2025\/10\/DSC06133.jpg","contentUrl":"https:\/\/mochiloesemochilinhas.com\/wp-content\/uploads\/2025\/10\/DSC06133.jpg","width":2048,"height":1536},{"@type":"BreadcrumbList","@id":"https:\/\/mochiloesemochilinhas.com\/nossos-roteiros-de-viagem-pela-irlanda\/#breadcrumb","itemListElement":[{"@type":"ListItem","position":1,"name":"Home","item":"https:\/\/mochiloesemochilinhas.com\/"},{"@type":"ListItem","position":2,"name":"Irlanda","item":"https:\/\/mochiloesemochilinhas.com\/irlanda\/"},{"@type":"ListItem","position":3,"name":"Nossos roteiros de viagem pela Irlanda"}]},{"@type":"WebSite","@id":"https:\/\/mochiloesemochilinhas.com\/#website","url":"https:\/\/mochiloesemochilinhas.com\/","name":"Backpacks and Backpacks","description":"An uncomplicated family passionate about traveling, books and delicious food.","publisher":{"@id":"https:\/\/mochiloesemochilinhas.com\/#organization"},"potentialAction":[{"@type":"SearchAction","target":{"@type":"EntryPoint","urlTemplate":"https:\/\/mochiloesemochilinhas.com\/?s={search_term_string}"},"query-input":{"@type":"PropertyValueSpecification","valueRequired":true,"valueName":"search_term_string"}}],"inLanguage":"en-GB"},{"@type":"Organization","@id":"https:\/\/mochiloesemochilinhas.com\/#organization","name":"Backpacks and Backpacks","url":"https:\/\/mochiloesemochilinhas.com\/","logo":{"@type":"ImageObject","inLanguage":"en-GB","@id":"https:\/\/mochiloesemochilinhas.com\/#\/schema\/logo\/image\/","url":"https:\/\/mochiloesemochilinhas.com\/wp-content\/uploads\/2024\/07\/logo1.png","contentUrl":"https:\/\/mochiloesemochilinhas.com\/wp-content\/uploads\/2024\/07\/logo1.png","width":590,"height":215,"caption":"Mochil\u00f5es e Mochilinhas"},"image":{"@id":"https:\/\/mochiloesemochilinhas.com\/#\/schema\/logo\/image\/"},"sameAs":["https:\/\/www.facebook.com\/mochiloesemochilinhas","https:\/\/www.instagram.com\/mochiloesemochilinhas_\/"]},{"@type":"Person","@id":"https:\/\/mochiloesemochilinhas.com\/#\/schema\/person\/ca58cb67bcb435be8ef0fc001eb76ae0","name":"Fernanda S\u00e1","image":{"@type":"ImageObject","inLanguage":"en-GB","@id":"https:\/\/mochiloesemochilinhas.com\/#\/schema\/person\/image\/","url":"https:\/\/mochiloesemochilinhas.com\/wp-content\/litespeed\/avatar\/a077f4ba0964f2e350f173d7bd9d5326.jpg?ver=1776849573","contentUrl":"https:\/\/mochiloesemochilinhas.com\/wp-content\/litespeed\/avatar\/a077f4ba0964f2e350f173d7bd9d5326.jpg?ver=1776849573","caption":"Fernanda S\u00e1"}}]}},"_links":{"self":[{"href":"https:\/\/mochiloesemochilinhas.com\/en\/wp-json\/wp\/v2\/posts\/52547","targetHints":{"allow":["GET"]}}],"collection":[{"href":"https:\/\/mochiloesemochilinhas.com\/en\/wp-json\/wp\/v2\/posts"}],"about":[{"href":"https:\/\/mochiloesemochilinhas.com\/en\/wp-json\/wp\/v2\/types\/post"}],"author":[{"embeddable":true,"href":"https:\/\/mochiloesemochilinhas.com\/en\/wp-json\/wp\/v2\/users\/2"}],"replies":[{"embeddable":true,"href":"https:\/\/mochiloesemochilinhas.com\/en\/wp-json\/wp\/v2\/comments?post=52547"}],"version-history":[{"count":1,"href":"https:\/\/mochiloesemochilinhas.com\/en\/wp-json\/wp\/v2\/posts\/52547\/revisions"}],"predecessor-version":[{"id":52550,"href":"https:\/\/mochiloesemochilinhas.com\/en\/wp-json\/wp\/v2\/posts\/52547\/revisions\/52550"}],"wp:featuredmedia":[{"embeddable":true,"href":"https:\/\/mochiloesemochilinhas.com\/en\/wp-json\/wp\/v2\/media\/52549"}],"wp:attachment":[{"href":"https:\/\/mochiloesemochilinhas.com\/en\/wp-json\/wp\/v2\/media?parent=52547"}],"wp:term":[{"taxonomy":"category","embeddable":true,"href":"https:\/\/mochiloesemochilinhas.com\/en\/wp-json\/wp\/v2\/categories?post=52547"},{"taxonomy":"post_tag","embeddable":true,"href":"https:\/\/mochiloesemochilinhas.com\/en\/wp-json\/wp\/v2\/tags?post=52547"}],"curies":[{"name":"wp","href":"https:\/\/api.w.org\/{rel}","templated":true}]}}